{"id":106,"date":"1837-06-06T11:32:26","date_gmt":"1837-06-06T11:32:26","guid":{"rendered":""},"modified":"2018-06-14T14:47:07","modified_gmt":"2018-06-14T14:47:07","slug":"combate-de-cerro-baron","status":"publish","type":"post","link":"https:\/\/www.academiahistoriamilitar.cl\/academia\/combate-de-cerro-baron\/","title":{"rendered":"COMBATE DE CERRO BAR\u00d3N"},"content":{"rendered":"<p>6 junio 1837.<\/p>\n<p>El gobierno del general Prieto estuvo marcado por sucesivos conatos revolucionarios, que tuvieron que ser sofocados con mano firme por parte de las autoridades de la \u00e9poca. Mientras estos sucesos se daban, en el escenario internacional comenz\u00f3 a gestarse la guerra contra la Confederaci\u00f3n Peruano \u2013 Boliviana que pondr\u00eda a prueba, una vez m\u00e1s, el car\u00e1cter del chileno.<\/p>\n<p>Corr\u00eda el a\u00f1o de 1837, y los preparativos del ej\u00e9rcito para enfrentarse a la amenaza y as\u00ed proteger al pa\u00eds, avanzaban a la par de los intentos del mariscal Andr\u00e9s de Santa Cruz para minar y socavar cualquier intento en Chile que plantase la cara a la Confederaci\u00f3n que \u00e9l lideraba. La decidida voluntad del ministro Diego Portales incomodaba al mariscal toda vez que era \u00e9sta la figura que incentivaba la resistencia chilena. Es en este contexto que sucede el mot\u00edn de Quillota.<\/p>\n<p>El ministro Portales acude a Quillota para pasar revista al regimiento Maipo y a las unidades de Caballer\u00eda. Mientras estaba en este tr\u00e1mite, cay\u00f3 en las redes de una conspiraci\u00f3n encabezada por el coronel Jos\u00e9 Antonio Vidaurre. Sin embargo, este mot\u00edn no tuvo el apoyo necesario. Los revolucionarios se enfrentan a las fuerzas del almirante Blanco en el Combate del cerro Bar\u00f3n, pero son derrotados y dispersados. Mientras a\u00fan se desarrollaba este combate, el ministro Diego Portales es asesinado por el capit\u00e1n Santiago Flor\u00edn.<\/p>\n<p>Las noticias de la muerte del ministro y del sofocamiento del mot\u00edn de Quillota se sabe de manera m\u00e1s bien r\u00e1pida en la capital y causa instant\u00e1neo rechazo en la sociedad y en el gobierno.[1]<\/p>\n<p>Nota al pie:<br \/>\n1. Estado Mayor General del Ej\u00e9rcito. \u201cHistoria del Ej\u00e9rcito de Chile. Tomo III. El Ej\u00e9rcito y la organizaci\u00f3n de la Rep\u00fablica. 1817 \u2013 1840.\u201d Talleres de Impresos Vicu\u00f1a. Abril de 1985. Pp. 204 \u2013 205.<\/p>\n","protected":false},"excerpt":{"rendered":"<p>6 junio 1837. El gobierno del general Prieto estuvo marcado por sucesivos conatos<span class=\"excerpt-hellip\"> [\u2026]<\/span><\/p>\n","protected":false},"author":1,"featured_media":4438,"comment_status":"open","ping_status":"open","sticky":false,"template":"","format":"standard","meta":{"footnotes":""},"categories":[14],"tags":[39],"class_list":["post-106","post","type-post","status-publish","format-standard","has-post-thumbnail","hentry","category-efemerides","tag-junio"],"_links":{"self":[{"href":"https:\/\/www.academiahistoriamilitar.cl\/academia\/wp-json\/wp\/v2\/posts\/106","targetHints":{"allow":["GET"]}}],"collection":[{"href":"https:\/\/www.academiahistoriamilitar.cl\/academia\/wp-json\/wp\/v2\/posts"}],"about":[{"href":"https:\/\/www.academiahistoriamilitar.cl\/academia\/wp-json\/wp\/v2\/types\/post"}],"author":[{"embeddable":true,"href":"https:\/\/www.academiahistoriamilitar.cl\/academia\/wp-json\/wp\/v2\/users\/1"}],"replies":[{"embeddable":true,"href":"https:\/\/www.academiahistoriamilitar.cl\/academia\/wp-json\/wp\/v2\/comments?post=106"}],"version-history":[{"count":1,"href":"https:\/\/www.academiahistoriamilitar.cl\/academia\/wp-json\/wp\/v2\/posts\/106\/revisions"}],"predecessor-version":[{"id":5244,"href":"https:\/\/www.academiahistoriamilitar.cl\/academia\/wp-json\/wp\/v2\/posts\/106\/revisions\/5244"}],"wp:featuredmedia":[{"embeddable":true,"href":"https:\/\/www.academiahistoriamilitar.cl\/academia\/wp-json\/wp\/v2\/media\/4438"}],"wp:attachment":[{"href":"https:\/\/www.academiahistoriamilitar.cl\/academia\/wp-json\/wp\/v2\/media?parent=106"}],"wp:term":[{"taxonomy":"category","embeddable":true,"href":"https:\/\/www.academiahistoriamilitar.cl\/academia\/wp-json\/wp\/v2\/categories?post=106"},{"taxonomy":"post_tag","embeddable":true,"href":"https:\/\/www.academiahistoriamilitar.cl\/academia\/wp-json\/wp\/v2\/tags?post=106"}],"curies":[{"name":"wp","href":"https:\/\/api.w.org\/{rel}","templated":true}]}}