{"id":10185,"date":"2026-04-27T20:30:51","date_gmt":"2026-04-27T20:30:51","guid":{"rendered":"https:\/\/www.academiahistoriamilitar.cl\/academia\/?p=10185"},"modified":"2026-04-27T20:30:52","modified_gmt":"2026-04-27T20:30:52","slug":"asamblea-de-la-academia-de-historia-militar","status":"publish","type":"post","link":"https:\/\/www.academiahistoriamilitar.cl\/academia\/asamblea-de-la-academia-de-historia-militar\/","title":{"rendered":"ASAMBLEA DE LA ACADEMIA DE HISTORIA MILITAR"},"content":{"rendered":"\n<p>El pasado viernes 24, en las oficinas de la Academia de Historia Militar, se llev\u00f3 a efecto la Asamblea General ordinaria a\u00f1o 2026. La actividad fue presidida por el Presidente del Consejo Directivo, general Tulio Hermosilla Arriagada.&nbsp;<\/p>\n\n\n<div class=\"wp-block-image\">\n<figure class=\"aligncenter size-large is-resized\"><img loading=\"lazy\" decoding=\"async\" width=\"768\" height=\"1024\" src=\"https:\/\/www.academiahistoriamilitar.cl\/academia\/wp-content\/uploads\/2026\/04\/IMG_2774-768x1024.jpg\" alt=\"\" class=\"wp-image-10187\" style=\"aspect-ratio:0.7500094507239254;width:320px;height:auto\" srcset=\"https:\/\/www.academiahistoriamilitar.cl\/academia\/wp-content\/uploads\/2026\/04\/IMG_2774-768x1024.jpg 768w, https:\/\/www.academiahistoriamilitar.cl\/academia\/wp-content\/uploads\/2026\/04\/IMG_2774-225x300.jpg 225w, https:\/\/www.academiahistoriamilitar.cl\/academia\/wp-content\/uploads\/2026\/04\/IMG_2774-1152x1536.jpg 1152w, https:\/\/www.academiahistoriamilitar.cl\/academia\/wp-content\/uploads\/2026\/04\/IMG_2774-1536x2048.jpg 1536w, https:\/\/www.academiahistoriamilitar.cl\/academia\/wp-content\/uploads\/2026\/04\/IMG_2774-56x75.jpg 56w, https:\/\/www.academiahistoriamilitar.cl\/academia\/wp-content\/uploads\/2026\/04\/IMG_2774-563x750.jpg 563w, https:\/\/www.academiahistoriamilitar.cl\/academia\/wp-content\/uploads\/2026\/04\/IMG_2774-360x480.jpg 360w, https:\/\/www.academiahistoriamilitar.cl\/academia\/wp-content\/uploads\/2026\/04\/IMG_2774-480x640.jpg 480w, https:\/\/www.academiahistoriamilitar.cl\/academia\/wp-content\/uploads\/2026\/04\/IMG_2774-800x1067.jpg 800w, https:\/\/www.academiahistoriamilitar.cl\/academia\/wp-content\/uploads\/2026\/04\/IMG_2774-scaled.jpg 1920w\" sizes=\"auto, (max-width:767px) 480px, (max-width:768px) 100vw, 768px\" \/><\/figure>\n<\/div>\n\n\n<p>Y en la ocasi\u00f3n, el Director Ejecutivo, general Andr\u00e9s Avenda\u00f1o Rojas, expuso ante los miembros acad\u00e9micos las actividades de la corporaci\u00f3n durante el a\u00f1o 2025 y lo que se proyecta\u00a0 para este a\u00f1o\u00a0 2026.\u00a0<\/p>\n\n\n<div class=\"wp-block-image\">\n<figure class=\"aligncenter size-large is-resized\"><img loading=\"lazy\" decoding=\"async\" width=\"768\" height=\"1024\" src=\"https:\/\/www.academiahistoriamilitar.cl\/academia\/wp-content\/uploads\/2026\/04\/IMG_2768-1-768x1024.jpg\" alt=\"\" class=\"wp-image-10189\" style=\"aspect-ratio:0.7500094507239254;width:355px;height:auto\" srcset=\"https:\/\/www.academiahistoriamilitar.cl\/academia\/wp-content\/uploads\/2026\/04\/IMG_2768-1-768x1024.jpg 768w, https:\/\/www.academiahistoriamilitar.cl\/academia\/wp-content\/uploads\/2026\/04\/IMG_2768-1-225x300.jpg 225w, https:\/\/www.academiahistoriamilitar.cl\/academia\/wp-content\/uploads\/2026\/04\/IMG_2768-1-1152x1536.jpg 1152w, https:\/\/www.academiahistoriamilitar.cl\/academia\/wp-content\/uploads\/2026\/04\/IMG_2768-1-1536x2048.jpg 1536w, https:\/\/www.academiahistoriamilitar.cl\/academia\/wp-content\/uploads\/2026\/04\/IMG_2768-1-56x75.jpg 56w, https:\/\/www.academiahistoriamilitar.cl\/academia\/wp-content\/uploads\/2026\/04\/IMG_2768-1-563x750.jpg 563w, https:\/\/www.academiahistoriamilitar.cl\/academia\/wp-content\/uploads\/2026\/04\/IMG_2768-1-360x480.jpg 360w, https:\/\/www.academiahistoriamilitar.cl\/academia\/wp-content\/uploads\/2026\/04\/IMG_2768-1-480x640.jpg 480w, https:\/\/www.academiahistoriamilitar.cl\/academia\/wp-content\/uploads\/2026\/04\/IMG_2768-1-800x1067.jpg 800w, https:\/\/www.academiahistoriamilitar.cl\/academia\/wp-content\/uploads\/2026\/04\/IMG_2768-1-scaled.jpg 1920w\" sizes=\"auto, (max-width:767px) 480px, (max-width:768px) 100vw, 768px\" \/><\/figure>\n<\/div>","protected":false},"excerpt":{"rendered":"<p>El pasado viernes 24, en las oficinas de la Academia de Historia Militar,<span class=\"excerpt-hellip\"> [\u2026]<\/span><\/p>\n","protected":false},"author":1,"featured_media":10186,"comment_status":"open","ping_status":"closed","sticky":false,"template":"","format":"standard","meta":{"footnotes":""},"categories":[10],"tags":[],"class_list":["post-10185","post","type-post","status-publish","format-standard","has-post-thumbnail","hentry","category-noticias"],"_links":{"self":[{"href":"https:\/\/www.academiahistoriamilitar.cl\/academia\/wp-json\/wp\/v2\/posts\/10185","targetHints":{"allow":["GET"]}}],"collection":[{"href":"https:\/\/www.academiahistoriamilitar.cl\/academia\/wp-json\/wp\/v2\/posts"}],"about":[{"href":"https:\/\/www.academiahistoriamilitar.cl\/academia\/wp-json\/wp\/v2\/types\/post"}],"author":[{"embeddable":true,"href":"https:\/\/www.academiahistoriamilitar.cl\/academia\/wp-json\/wp\/v2\/users\/1"}],"replies":[{"embeddable":true,"href":"https:\/\/www.academiahistoriamilitar.cl\/academia\/wp-json\/wp\/v2\/comments?post=10185"}],"version-history":[{"count":1,"href":"https:\/\/www.academiahistoriamilitar.cl\/academia\/wp-json\/wp\/v2\/posts\/10185\/revisions"}],"predecessor-version":[{"id":10190,"href":"https:\/\/www.academiahistoriamilitar.cl\/academia\/wp-json\/wp\/v2\/posts\/10185\/revisions\/10190"}],"wp:featuredmedia":[{"embeddable":true,"href":"https:\/\/www.academiahistoriamilitar.cl\/academia\/wp-json\/wp\/v2\/media\/10186"}],"wp:attachment":[{"href":"https:\/\/www.academiahistoriamilitar.cl\/academia\/wp-json\/wp\/v2\/media?parent=10185"}],"wp:term":[{"taxonomy":"category","embeddable":true,"href":"https:\/\/www.academiahistoriamilitar.cl\/academia\/wp-json\/wp\/v2\/categories?post=10185"},{"taxonomy":"post_tag","embeddable":true,"href":"https:\/\/www.academiahistoriamilitar.cl\/academia\/wp-json\/wp\/v2\/tags?post=10185"}],"curies":[{"name":"wp","href":"https:\/\/api.w.org\/{rel}","templated":true}]}}