{"id":10180,"date":"2026-04-27T20:05:05","date_gmt":"2026-04-27T20:05:05","guid":{"rendered":"https:\/\/www.academiahistoriamilitar.cl\/academia\/?p=10180"},"modified":"2026-04-27T20:05:06","modified_gmt":"2026-04-27T20:05:06","slug":"dia-internacional-del-libro","status":"publish","type":"post","link":"https:\/\/www.academiahistoriamilitar.cl\/academia\/dia-internacional-del-libro\/","title":{"rendered":"D\u00cdA INTERNACIONAL DEL LIBRO\u00a0"},"content":{"rendered":"\n<p class=\"has-medium-font-size\">Con motivo del d\u00eda del libro, la Academia de Historia Militar realiz\u00f3 exposiciones en la Academia de Guerra del Ej\u00e9rcito y el Hospital Militar, en las que dio a conocer la producci\u00f3n bibliogr\u00e1fica de nuestra corporaci\u00f3n.\u00a0<\/p>\n\n\n<div class=\"wp-block-image\">\n<figure class=\"aligncenter size-large is-resized\"><img loading=\"lazy\" decoding=\"async\" width=\"1024\" height=\"768\" src=\"https:\/\/www.academiahistoriamilitar.cl\/academia\/wp-content\/uploads\/2026\/04\/WhatsApp-Image-2026-04-27-at-15.53.50-1-1024x768.jpeg\" alt=\"\" class=\"wp-image-10183\" style=\"width:351px;height:auto\" srcset=\"https:\/\/www.academiahistoriamilitar.cl\/academia\/wp-content\/uploads\/2026\/04\/WhatsApp-Image-2026-04-27-at-15.53.50-1-1024x768.jpeg 1024w, https:\/\/www.academiahistoriamilitar.cl\/academia\/wp-content\/uploads\/2026\/04\/WhatsApp-Image-2026-04-27-at-15.53.50-1-300x225.jpeg 300w, https:\/\/www.academiahistoriamilitar.cl\/academia\/wp-content\/uploads\/2026\/04\/WhatsApp-Image-2026-04-27-at-15.53.50-1-768x576.jpeg 768w, https:\/\/www.academiahistoriamilitar.cl\/academia\/wp-content\/uploads\/2026\/04\/WhatsApp-Image-2026-04-27-at-15.53.50-1-1536x1152.jpeg 1536w, https:\/\/www.academiahistoriamilitar.cl\/academia\/wp-content\/uploads\/2026\/04\/WhatsApp-Image-2026-04-27-at-15.53.50-1-100x75.jpeg 100w, https:\/\/www.academiahistoriamilitar.cl\/academia\/wp-content\/uploads\/2026\/04\/WhatsApp-Image-2026-04-27-at-15.53.50-1-960x720.jpeg 960w, https:\/\/www.academiahistoriamilitar.cl\/academia\/wp-content\/uploads\/2026\/04\/WhatsApp-Image-2026-04-27-at-15.53.50-1-640x480.jpeg 640w, https:\/\/www.academiahistoriamilitar.cl\/academia\/wp-content\/uploads\/2026\/04\/WhatsApp-Image-2026-04-27-at-15.53.50-1-480x360.jpeg 480w, https:\/\/www.academiahistoriamilitar.cl\/academia\/wp-content\/uploads\/2026\/04\/WhatsApp-Image-2026-04-27-at-15.53.50-1-800x600.jpeg 800w, https:\/\/www.academiahistoriamilitar.cl\/academia\/wp-content\/uploads\/2026\/04\/WhatsApp-Image-2026-04-27-at-15.53.50-1.jpeg 1600w\" sizes=\"auto, (max-width:767px) 480px, (max-width:1024px) 100vw, 1024px\" \/><\/figure>\n<\/div>\n\n<div class=\"wp-block-image\">\n<figure class=\"aligncenter size-large is-resized\"><img loading=\"lazy\" decoding=\"async\" width=\"1024\" height=\"768\" src=\"https:\/\/www.academiahistoriamilitar.cl\/academia\/wp-content\/uploads\/2026\/04\/WhatsApp-Image-2026-04-24-at-12.36.12-2-1024x768.jpeg\" alt=\"\" class=\"wp-image-10182\" style=\"width:359px;height:auto\" srcset=\"https:\/\/www.academiahistoriamilitar.cl\/academia\/wp-content\/uploads\/2026\/04\/WhatsApp-Image-2026-04-24-at-12.36.12-2-1024x768.jpeg 1024w, https:\/\/www.academiahistoriamilitar.cl\/academia\/wp-content\/uploads\/2026\/04\/WhatsApp-Image-2026-04-24-at-12.36.12-2-300x225.jpeg 300w, https:\/\/www.academiahistoriamilitar.cl\/academia\/wp-content\/uploads\/2026\/04\/WhatsApp-Image-2026-04-24-at-12.36.12-2-768x576.jpeg 768w, https:\/\/www.academiahistoriamilitar.cl\/academia\/wp-content\/uploads\/2026\/04\/WhatsApp-Image-2026-04-24-at-12.36.12-2-100x75.jpeg 100w, https:\/\/www.academiahistoriamilitar.cl\/academia\/wp-content\/uploads\/2026\/04\/WhatsApp-Image-2026-04-24-at-12.36.12-2-960x720.jpeg 960w, https:\/\/www.academiahistoriamilitar.cl\/academia\/wp-content\/uploads\/2026\/04\/WhatsApp-Image-2026-04-24-at-12.36.12-2-640x480.jpeg 640w, https:\/\/www.academiahistoriamilitar.cl\/academia\/wp-content\/uploads\/2026\/04\/WhatsApp-Image-2026-04-24-at-12.36.12-2-480x360.jpeg 480w, https:\/\/www.academiahistoriamilitar.cl\/academia\/wp-content\/uploads\/2026\/04\/WhatsApp-Image-2026-04-24-at-12.36.12-2-800x600.jpeg 800w, https:\/\/www.academiahistoriamilitar.cl\/academia\/wp-content\/uploads\/2026\/04\/WhatsApp-Image-2026-04-24-at-12.36.12-2.jpeg 1280w\" sizes=\"auto, (max-width:767px) 480px, (max-width:1024px) 100vw, 1024px\" \/><\/figure>\n<\/div>\n\n\n<p class=\"has-medium-font-size\"><br><\/p>\n","protected":false},"excerpt":{"rendered":"<p>Con motivo del d\u00eda del libro, la Academia de Historia Militar realiz\u00f3 exposiciones<span class=\"excerpt-hellip\"> [\u2026]<\/span><\/p>\n","protected":false},"author":1,"featured_media":10181,"comment_status":"open","ping_status":"closed","sticky":false,"template":"","format":"standard","meta":{"footnotes":""},"categories":[10],"tags":[],"class_list":["post-10180","post","type-post","status-publish","format-standard","has-post-thumbnail","hentry","category-noticias"],"_links":{"self":[{"href":"https:\/\/www.academiahistoriamilitar.cl\/academia\/wp-json\/wp\/v2\/posts\/10180","targetHints":{"allow":["GET"]}}],"collection":[{"href":"https:\/\/www.academiahistoriamilitar.cl\/academia\/wp-json\/wp\/v2\/posts"}],"about":[{"href":"https:\/\/www.academiahistoriamilitar.cl\/academia\/wp-json\/wp\/v2\/types\/post"}],"author":[{"embeddable":true,"href":"https:\/\/www.academiahistoriamilitar.cl\/academia\/wp-json\/wp\/v2\/users\/1"}],"replies":[{"embeddable":true,"href":"https:\/\/www.academiahistoriamilitar.cl\/academia\/wp-json\/wp\/v2\/comments?post=10180"}],"version-history":[{"count":1,"href":"https:\/\/www.academiahistoriamilitar.cl\/academia\/wp-json\/wp\/v2\/posts\/10180\/revisions"}],"predecessor-version":[{"id":10184,"href":"https:\/\/www.academiahistoriamilitar.cl\/academia\/wp-json\/wp\/v2\/posts\/10180\/revisions\/10184"}],"wp:featuredmedia":[{"embeddable":true,"href":"https:\/\/www.academiahistoriamilitar.cl\/academia\/wp-json\/wp\/v2\/media\/10181"}],"wp:attachment":[{"href":"https:\/\/www.academiahistoriamilitar.cl\/academia\/wp-json\/wp\/v2\/media?parent=10180"}],"wp:term":[{"taxonomy":"category","embeddable":true,"href":"https:\/\/www.academiahistoriamilitar.cl\/academia\/wp-json\/wp\/v2\/categories?post=10180"},{"taxonomy":"post_tag","embeddable":true,"href":"https:\/\/www.academiahistoriamilitar.cl\/academia\/wp-json\/wp\/v2\/tags?post=10180"}],"curies":[{"name":"wp","href":"https:\/\/api.w.org\/{rel}","templated":true}]}}