{"id":10112,"date":"2026-03-18T17:28:34","date_gmt":"2026-03-18T17:28:34","guid":{"rendered":"https:\/\/www.academiahistoriamilitar.cl\/academia\/?p=10112"},"modified":"2026-03-18T17:28:35","modified_gmt":"2026-03-18T17:28:35","slug":"la-novia-del-atacama-los-galones-de-sangre","status":"publish","type":"post","link":"https:\/\/www.academiahistoriamilitar.cl\/academia\/la-novia-del-atacama-los-galones-de-sangre\/","title":{"rendered":"LA NOVIA DEL ATACAMA: LOS GALONES DE SANGRE"},"content":{"rendered":"\n<p>Por Javier Vargas Guarategua. Miembro Acad\u00e9mico.<\/p>\n\n\n\n<p><strong>El polvor\u00edn del Pac\u00edfico y el pacto en las sombras (1879)<\/strong><\/p>\n\n\n\n<div data-wp-interactive=\"core\/file\" class=\"wp-block-file\"><object data-wp-bind--hidden=\"!state.hasPdfPreview\" hidden class=\"wp-block-file__embed\" data=\"https:\/\/www.academiahistoriamilitar.cl\/academia\/wp-content\/uploads\/2026\/03\/LA-NOVIA-DEL-ATACAMA-.docx.pdf\" type=\"application\/pdf\" style=\"width:100%;height:600px\" aria-label=\"Incrustado de LA NOVIA DEL ATACAMA .docx.\"><\/object><a id=\"wp-block-file--media-1279358e-7119-4d00-966f-481831af34e1\" href=\"https:\/\/www.academiahistoriamilitar.cl\/academia\/wp-content\/uploads\/2026\/03\/LA-NOVIA-DEL-ATACAMA-.docx.pdf\">LA NOVIA DEL ATACAMA .docx<\/a><a href=\"https:\/\/www.academiahistoriamilitar.cl\/academia\/wp-content\/uploads\/2026\/03\/LA-NOVIA-DEL-ATACAMA-.docx.pdf\" class=\"wp-block-file__button wp-element-button\" download aria-describedby=\"wp-block-file--media-1279358e-7119-4d00-966f-481831af34e1\">Descarga<\/a><\/div>\n","protected":false},"excerpt":{"rendered":"<p>Por Javier Vargas Guarategua. Miembro Acad\u00e9mico. El polvor\u00edn del Pac\u00edfico y el pacto<span class=\"excerpt-hellip\"> [\u2026]<\/span><\/p>\n","protected":false},"author":1,"featured_media":10114,"comment_status":"open","ping_status":"closed","sticky":false,"template":"","format":"standard","meta":{"footnotes":""},"categories":[17],"tags":[],"class_list":["post-10112","post","type-post","status-publish","format-standard","has-post-thumbnail","hentry","category-columnas-de-opinion"],"_links":{"self":[{"href":"https:\/\/www.academiahistoriamilitar.cl\/academia\/wp-json\/wp\/v2\/posts\/10112","targetHints":{"allow":["GET"]}}],"collection":[{"href":"https:\/\/www.academiahistoriamilitar.cl\/academia\/wp-json\/wp\/v2\/posts"}],"about":[{"href":"https:\/\/www.academiahistoriamilitar.cl\/academia\/wp-json\/wp\/v2\/types\/post"}],"author":[{"embeddable":true,"href":"https:\/\/www.academiahistoriamilitar.cl\/academia\/wp-json\/wp\/v2\/users\/1"}],"replies":[{"embeddable":true,"href":"https:\/\/www.academiahistoriamilitar.cl\/academia\/wp-json\/wp\/v2\/comments?post=10112"}],"version-history":[{"count":1,"href":"https:\/\/www.academiahistoriamilitar.cl\/academia\/wp-json\/wp\/v2\/posts\/10112\/revisions"}],"predecessor-version":[{"id":10115,"href":"https:\/\/www.academiahistoriamilitar.cl\/academia\/wp-json\/wp\/v2\/posts\/10112\/revisions\/10115"}],"wp:featuredmedia":[{"embeddable":true,"href":"https:\/\/www.academiahistoriamilitar.cl\/academia\/wp-json\/wp\/v2\/media\/10114"}],"wp:attachment":[{"href":"https:\/\/www.academiahistoriamilitar.cl\/academia\/wp-json\/wp\/v2\/media?parent=10112"}],"wp:term":[{"taxonomy":"category","embeddable":true,"href":"https:\/\/www.academiahistoriamilitar.cl\/academia\/wp-json\/wp\/v2\/categories?post=10112"},{"taxonomy":"post_tag","embeddable":true,"href":"https:\/\/www.academiahistoriamilitar.cl\/academia\/wp-json\/wp\/v2\/tags?post=10112"}],"curies":[{"name":"wp","href":"https:\/\/api.w.org\/{rel}","templated":true}]}}